{"id":5172,"date":"2021-04-08T12:02:16","date_gmt":"2021-04-08T10:02:16","guid":{"rendered":"https:\/\/brionvega.stage.idna.it\/?p=5172"},"modified":"2023-02-17T10:32:03","modified_gmt":"2023-02-17T09:32:03","slug":"karl-lagerfeld-subastara-su-coleccion-personal-en-sothebys-incluido-su-radiofonografo-rr126-entre-los-articulos-vendidos","status":"publish","type":"post","link":"https:\/\/brionvega.stage.idna.it\/es\/karl-lagerfeld-subastara-su-coleccion-personal-en-sothebys-incluido-su-radiofonografo-rr126-entre-los-articulos-vendidos\/","title":{"rendered":"Karl Lagerfeld subastar\u00e1 su colecci\u00f3n personal en Sotheby&#8217;s, incluido su radiofon\u00f3grafo rr126 entre los art\u00edculos vendidos"},"content":{"rendered":"<!DOCTYPE html PUBLIC \"-\/\/W3C\/\/DTD HTML 4.0 Transitional\/\/EN\" \"http:\/\/www.w3.org\/TR\/REC-html40\/loose.dtd\">\n<html><body><p>Con m&aacute;s de mil lotes para ocho subastas en las ubicaciones de Sotheby&rsquo;s en Munich, Par&iacute;s y Colonia programadas entre este y el pr&oacute;ximo a&ntilde;o, la colecci&oacute;n de Karl Lagerfeld dejar&aacute; las residencias del dise&ntilde;ador para comenzar una nueva vida en el mundo. Coleccionistas que, en funci&oacute;n de sus intereses, podr&aacute;n elegir entre objetos de dise&ntilde;o, esculturas y carteles, ropa y efectos personales que narran la vida vivida como obra de arte por el Kaiser de la moda.<\/p>\n<p><img loading=\"lazy\" decoding=\"async\" class=\"alignnone size-full wp-image-5160\" src=\"https:\/\/brionvega.stage.idna.it\/app\/uploads\/2023\/02\/Karl_immagine1.jpg\" alt=\"Karl immagine1\" width=\"900\" height=\"560\" srcset=\"https:\/\/brionvega.stage.idna.it\/app\/uploads\/2023\/02\/Karl_immagine1.jpg 900w, https:\/\/brionvega.stage.idna.it\/app\/uploads\/2023\/02\/Karl_immagine1-300x187.jpg 300w, https:\/\/brionvega.stage.idna.it\/app\/uploads\/2023\/02\/Karl_immagine1-768x478.jpg 768w\" sizes=\"auto, (max-width: 900px) 100vw, 900px\"><\/p>\n<p>El ingenio desbordante de Lagerfeld no se limit&oacute; &uacute;nicamente a imaginar vestidos de ensue&ntilde;o sino que experiment&oacute; con el dise&ntilde;o de interiores, la fotograf&iacute;a y el coleccionismo. De hecho, la subasta ha sido definida como &ldquo;una antolog&iacute;a del gusto personal del dise&ntilde;ador que se ha convertido en la figura cimera de la industria del lujo que &eacute;l ayud&oacute; a construir&rdquo;.<\/p>\n<p>La subasta de &ldquo;KARL Karl Lagerfeld&rsquo;s Estate Part I&rdquo; de Sotheby&rsquo;s, la primera de tres, tambi&eacute;n incluy&oacute; el radiofon&oacute;grafo rr126 dise&ntilde;ado por Achille y Pier Giacomo Castiglioni en 1965.<\/p>\n<p>El radiofon&oacute;grafo se incluy&oacute; en el cat&aacute;logo en papel de la MoMa Design Store a finales de 2019 y se imprimieron 1,5 millones de copias, adem&aacute;s de estar incluido en la MoMa Design Store online. Best seller por valor de producto durante muchos meses, est&aacute; conquistando un p&uacute;blico atento y apasionado no solo en todo Estados Unidos, en todos los rincones del mundo.<\/p>\n<p>Se puede encontrar en los principales museos y exposiciones del mundo, desde el Victoria &amp; Albert Museum de Londres hasta la Trienal de Mil&aacute;n; desde el Cooper Hewitt Smithsonian Design Museum de Nueva York hasta el Maas Museum de Sidney o el Kunshaus de Z&uacute;rich.<\/p>\n<p>La empresa no conoce a todos los admiradores del radiofon&oacute;grafo. De muchos famosos sabe que poseen piezas vintage, mientras que sabe bien qui&eacute;nes les han encargado a lo largo de los a&ntilde;os, sin embargo respeta su deseo de privacidad y no revela sus nombres.<\/p>\n<p>Muy solicitada por importantes fot&oacute;grafos o directores de gran fama para exclusivos sets fotogr&aacute;ficos o arreglos esc&eacute;nicos para pel&iacute;culas, dramas o series de televisi&oacute;n, es objeto de atenci&oacute;n ininterrumpida por su presencia esc&eacute;nica y la innata alegr&iacute;a y alegr&iacute;a que transmite.<\/p>\n<h2>David Bowie, otro gran fan<\/h2>\n<p>Uno de los mayores homenajes al radiofon&oacute;grafo proviene de David Bowie quien no solo fue un icono pop -cantante y m&uacute;sico excepcional- tambi&eacute;n un incansable coleccionista de peque&ntilde;as y grandes obras de arte y objetos &uacute;nicos, sobre todo relacionados con su actividad art&iacute;stica.<\/p>\n<p><img loading=\"lazy\" decoding=\"async\" class=\"alignnone size-full wp-image-5150\" src=\"https:\/\/brionvega.stage.idna.it\/app\/uploads\/2023\/02\/Karl_immagine3.png\" alt=\"Karl immagine3\" width=\"926\" height=\"685\" srcset=\"https:\/\/brionvega.stage.idna.it\/app\/uploads\/2023\/02\/Karl_immagine3.png 926w, https:\/\/brionvega.stage.idna.it\/app\/uploads\/2023\/02\/Karl_immagine3-300x222.png 300w, https:\/\/brionvega.stage.idna.it\/app\/uploads\/2023\/02\/Karl_immagine3-768x568.png 768w\" sizes=\"auto, (max-width: 926px) 100vw, 926px\"><\/p>\n<p>En 2016 fue subastado por Sotheby&rsquo;s, junto con otros 399 objetos de su colecci&oacute;n, y fue adjudicado por la importante suma de 257.000 libras, fue subastado al precio m&aacute;s alto de toda la colecci&oacute;n.<\/p>\n<p>Hoy el radiofon&oacute;grafo de David Bowie y Karl Lagerfeld lleva una nueva vida, alegrando los d&iacute;as de los afortunados amantes de nuestro Made in Italy.<\/p>\n<p><img loading=\"lazy\" decoding=\"async\" class=\"alignnone size-full wp-image-5155\" src=\"https:\/\/brionvega.stage.idna.it\/app\/uploads\/2023\/02\/Karl_immagine4.jpg\" alt=\"Karl immagine4\" width=\"1700\" height=\"1094\" srcset=\"https:\/\/brionvega.stage.idna.it\/app\/uploads\/2023\/02\/Karl_immagine4.jpg 1700w, https:\/\/brionvega.stage.idna.it\/app\/uploads\/2023\/02\/Karl_immagine4-300x193.jpg 300w, https:\/\/brionvega.stage.idna.it\/app\/uploads\/2023\/02\/Karl_immagine4-1024x659.jpg 1024w, https:\/\/brionvega.stage.idna.it\/app\/uploads\/2023\/02\/Karl_immagine4-768x494.jpg 768w, https:\/\/brionvega.stage.idna.it\/app\/uploads\/2023\/02\/Karl_immagine4-1536x988.jpg 1536w\" sizes=\"auto, (max-width: 1700px) 100vw, 1700px\"><\/p>\n<p><a href=\"https:\/\/brionvega.stage.idna.it\/es\/shop\/#anchor-radiofonografo-es\">Descubre el nuevo radiofon&oacute;grafo rr226 fo-st<\/a><\/p>\n<\/body><\/html>\n","protected":false},"excerpt":{"rendered":"<p>Con m&aacute;s de mil lotes para ocho subastas en las ubicaciones de Sotheby&rsquo;s en Munich, Par&iacute;s y Colonia programadas entre este y el pr&oacute;ximo a&ntilde;o, la colecci&oacute;n de Karl Lagerfeld dejar&aacute; las residencias del dise&ntilde;ador para comenzar una nueva vida en el mundo. Coleccionistas que, en funci&oacute;n de sus intereses, podr&aacute;n elegir entre objetos de &hellip; <a href=\"https:\/\/brionvega.stage.idna.it\/es\/karl-lagerfeld-subastara-su-coleccion-personal-en-sothebys-incluido-su-radiofonografo-rr126-entre-los-articulos-vendidos\/\">Continued<\/a><\/p>\n","protected":false},"author":1,"featured_media":0,"comment_status":"open","ping_status":"open","sticky":false,"template":"","format":"standard","meta":{"inline_featured_image":false,"footnotes":""},"categories":[18],"tags":[],"class_list":["post-5172","post","type-post","status-publish","format-standard","hentry","category-sin-categorizar"],"acf":[],"yoast_head":"<!-- This site is optimized with the Yoast SEO plugin v27.2 - https:\/\/yoast.com\/product\/yoast-seo-wordpress\/ -->\n<title>Karl Lagerfeld subastar\u00e1 su colecci\u00f3n personal en Sotheby&#039;s, incluido su radiofon\u00f3grafo rr126 entre los art\u00edculos vendidos - Brionvega EU<\/title>\n<meta name=\"description\" content=\"El ingenio desbordante de Lagerfeld no se limit\u00f3 \u00fanicamente a imaginar vestidos de ensue\u00f1o sino que experiment\u00f3 con el dise\u00f1o de interiores, la fotograf\u00eda y el coleccionismo.\" \/>\n<meta name=\"robots\" content=\"noindex, follow, max-snippet:-1, max-image-preview:large, max-video-preview:-1\" \/>\n<meta property=\"og:locale\" content=\"es_ES\" \/>\n<meta property=\"og:type\" content=\"article\" \/>\n<meta property=\"og:title\" content=\"Karl Lagerfeld subastar\u00e1 su colecci\u00f3n personal en Sotheby&#039;s, incluido su radiofon\u00f3grafo rr126 entre los art\u00edculos vendidos - Brionvega EU\" \/>\n<meta property=\"og:description\" content=\"El ingenio desbordante de Lagerfeld no se limit\u00f3 \u00fanicamente a imaginar vestidos de ensue\u00f1o sino que experiment\u00f3 con el dise\u00f1o de interiores, la fotograf\u00eda y el coleccionismo.\" \/>\n<meta property=\"og:url\" content=\"https:\/\/brionvega.stage.idna.it\/es\/karl-lagerfeld-subastara-su-coleccion-personal-en-sothebys-incluido-su-radiofonografo-rr126-entre-los-articulos-vendidos\/\" \/>\n<meta property=\"og:site_name\" content=\"Brionvega EU\" \/>\n<meta property=\"article:publisher\" content=\"https:\/\/www.facebook.com\/Brionvega\" \/>\n<meta property=\"article:published_time\" content=\"2021-04-08T10:02:16+00:00\" \/>\n<meta property=\"article:modified_time\" content=\"2023-02-17T09:32:03+00:00\" \/>\n<meta property=\"og:image\" content=\"https:\/\/brionvega.stage.idna.it\/app\/uploads\/2023\/02\/Karl_immagine1.jpg\" \/>\n<meta name=\"author\" content=\"admin@22\" \/>\n<meta name=\"twitter:card\" content=\"summary_large_image\" \/>\n<meta name=\"twitter:label1\" content=\"Escrito por\" \/>\n\t<meta name=\"twitter:data1\" content=\"admin@22\" \/>\n\t<meta name=\"twitter:label2\" content=\"Tiempo de lectura\" \/>\n\t<meta name=\"twitter:data2\" content=\"4 minutos\" \/>\n<script type=\"application\/ld+json\" class=\"yoast-schema-graph\">{\"@context\":\"https:\/\/schema.org\",\"@graph\":[{\"@type\":\"Article\",\"@id\":\"https:\/\/brionvega.stage.idna.it\/es\/karl-lagerfeld-subastara-su-coleccion-personal-en-sothebys-incluido-su-radiofonografo-rr126-entre-los-articulos-vendidos\/#article\",\"isPartOf\":{\"@id\":\"https:\/\/brionvega.stage.idna.it\/es\/karl-lagerfeld-subastara-su-coleccion-personal-en-sothebys-incluido-su-radiofonografo-rr126-entre-los-articulos-vendidos\/\"},\"author\":{\"name\":\"admin@22\",\"@id\":\"https:\/\/brionvega.stage.idna.it\/es\/#\/schema\/person\/14afd84138c475185b54ae5c72c3e983\"},\"headline\":\"Karl Lagerfeld subastar\u00e1 su colecci\u00f3n personal en Sotheby&#8217;s, incluido su radiofon\u00f3grafo rr126 entre los art\u00edculos vendidos\",\"datePublished\":\"2021-04-08T10:02:16+00:00\",\"dateModified\":\"2023-02-17T09:32:03+00:00\",\"mainEntityOfPage\":{\"@id\":\"https:\/\/brionvega.stage.idna.it\/es\/karl-lagerfeld-subastara-su-coleccion-personal-en-sothebys-incluido-su-radiofonografo-rr126-entre-los-articulos-vendidos\/\"},\"wordCount\":537,\"commentCount\":0,\"image\":{\"@id\":\"https:\/\/brionvega.stage.idna.it\/es\/karl-lagerfeld-subastara-su-coleccion-personal-en-sothebys-incluido-su-radiofonografo-rr126-entre-los-articulos-vendidos\/#primaryimage\"},\"thumbnailUrl\":\"https:\/\/brionvega.stage.idna.it\/app\/uploads\/2023\/02\/Karl_immagine1.jpg\",\"articleSection\":[\"Sin categorizar\"],\"inLanguage\":\"es\",\"potentialAction\":[{\"@type\":\"CommentAction\",\"name\":\"Comment\",\"target\":[\"https:\/\/brionvega.stage.idna.it\/es\/karl-lagerfeld-subastara-su-coleccion-personal-en-sothebys-incluido-su-radiofonografo-rr126-entre-los-articulos-vendidos\/#respond\"]}]},{\"@type\":\"WebPage\",\"@id\":\"https:\/\/brionvega.stage.idna.it\/es\/karl-lagerfeld-subastara-su-coleccion-personal-en-sothebys-incluido-su-radiofonografo-rr126-entre-los-articulos-vendidos\/\",\"url\":\"https:\/\/brionvega.stage.idna.it\/es\/karl-lagerfeld-subastara-su-coleccion-personal-en-sothebys-incluido-su-radiofonografo-rr126-entre-los-articulos-vendidos\/\",\"name\":\"Karl Lagerfeld subastar\u00e1 su colecci\u00f3n personal en Sotheby's, incluido su radiofon\u00f3grafo rr126 entre los art\u00edculos vendidos - Brionvega EU\",\"isPartOf\":{\"@id\":\"https:\/\/brionvega.stage.idna.it\/es\/#website\"},\"primaryImageOfPage\":{\"@id\":\"https:\/\/brionvega.stage.idna.it\/es\/karl-lagerfeld-subastara-su-coleccion-personal-en-sothebys-incluido-su-radiofonografo-rr126-entre-los-articulos-vendidos\/#primaryimage\"},\"image\":{\"@id\":\"https:\/\/brionvega.stage.idna.it\/es\/karl-lagerfeld-subastara-su-coleccion-personal-en-sothebys-incluido-su-radiofonografo-rr126-entre-los-articulos-vendidos\/#primaryimage\"},\"thumbnailUrl\":\"https:\/\/brionvega.stage.idna.it\/app\/uploads\/2023\/02\/Karl_immagine1.jpg\",\"datePublished\":\"2021-04-08T10:02:16+00:00\",\"dateModified\":\"2023-02-17T09:32:03+00:00\",\"author\":{\"@id\":\"https:\/\/brionvega.stage.idna.it\/es\/#\/schema\/person\/14afd84138c475185b54ae5c72c3e983\"},\"description\":\"El ingenio desbordante de Lagerfeld no se limit\u00f3 \u00fanicamente a imaginar vestidos de ensue\u00f1o sino que experiment\u00f3 con el dise\u00f1o de interiores, la fotograf\u00eda y el coleccionismo.\",\"breadcrumb\":{\"@id\":\"https:\/\/brionvega.stage.idna.it\/es\/karl-lagerfeld-subastara-su-coleccion-personal-en-sothebys-incluido-su-radiofonografo-rr126-entre-los-articulos-vendidos\/#breadcrumb\"},\"inLanguage\":\"es\",\"potentialAction\":[{\"@type\":\"ReadAction\",\"target\":[\"https:\/\/brionvega.stage.idna.it\/es\/karl-lagerfeld-subastara-su-coleccion-personal-en-sothebys-incluido-su-radiofonografo-rr126-entre-los-articulos-vendidos\/\"]}]},{\"@type\":\"ImageObject\",\"inLanguage\":\"es\",\"@id\":\"https:\/\/brionvega.stage.idna.it\/es\/karl-lagerfeld-subastara-su-coleccion-personal-en-sothebys-incluido-su-radiofonografo-rr126-entre-los-articulos-vendidos\/#primaryimage\",\"url\":\"https:\/\/brionvega.stage.idna.it\/app\/uploads\/2023\/02\/Karl_immagine1.jpg\",\"contentUrl\":\"https:\/\/brionvega.stage.idna.it\/app\/uploads\/2023\/02\/Karl_immagine1.jpg\"},{\"@type\":\"BreadcrumbList\",\"@id\":\"https:\/\/brionvega.stage.idna.it\/es\/karl-lagerfeld-subastara-su-coleccion-personal-en-sothebys-incluido-su-radiofonografo-rr126-entre-los-articulos-vendidos\/#breadcrumb\",\"itemListElement\":[{\"@type\":\"ListItem\",\"position\":1,\"name\":\"Home\",\"item\":\"https:\/\/brionvega.stage.idna.it\/es\/\"},{\"@type\":\"ListItem\",\"position\":2,\"name\":\"Karl Lagerfeld subastar\u00e1 su colecci\u00f3n personal en Sotheby&#8217;s, incluido su radiofon\u00f3grafo rr126 entre los art\u00edculos vendidos\"}]},{\"@type\":\"WebSite\",\"@id\":\"https:\/\/brionvega.stage.idna.it\/es\/#website\",\"url\":\"https:\/\/brionvega.stage.idna.it\/es\/\",\"name\":\"Brionvega EU\",\"description\":\"\",\"potentialAction\":[{\"@type\":\"SearchAction\",\"target\":{\"@type\":\"EntryPoint\",\"urlTemplate\":\"https:\/\/brionvega.stage.idna.it\/es\/?s={search_term_string}\"},\"query-input\":{\"@type\":\"PropertyValueSpecification\",\"valueRequired\":true,\"valueName\":\"search_term_string\"}}],\"inLanguage\":\"es\"},{\"@type\":\"Person\",\"@id\":\"https:\/\/brionvega.stage.idna.it\/es\/#\/schema\/person\/14afd84138c475185b54ae5c72c3e983\",\"name\":\"admin@22\",\"image\":{\"@type\":\"ImageObject\",\"inLanguage\":\"es\",\"@id\":\"https:\/\/secure.gravatar.com\/avatar\/09d99c968f27c9aa44cd11a7d098b225a60cece872b0be711ffebb1014b531cf?s=96&d=mm&r=g\",\"url\":\"https:\/\/secure.gravatar.com\/avatar\/09d99c968f27c9aa44cd11a7d098b225a60cece872b0be711ffebb1014b531cf?s=96&d=mm&r=g\",\"contentUrl\":\"https:\/\/secure.gravatar.com\/avatar\/09d99c968f27c9aa44cd11a7d098b225a60cece872b0be711ffebb1014b531cf?s=96&d=mm&r=g\",\"caption\":\"admin@22\"},\"sameAs\":[\"https:\/\/brionvega.stage.idna.it\/wp\"]}]}<\/script>\n<!-- \/ Yoast SEO plugin. -->","yoast_head_json":{"title":"Karl Lagerfeld subastar\u00e1 su colecci\u00f3n personal en Sotheby's, incluido su radiofon\u00f3grafo rr126 entre los art\u00edculos vendidos - Brionvega EU","description":"El ingenio desbordante de Lagerfeld no se limit\u00f3 \u00fanicamente a imaginar vestidos de ensue\u00f1o sino que experiment\u00f3 con el dise\u00f1o de interiores, la fotograf\u00eda y el coleccionismo.","robots":{"index":"noindex","follow":"follow","max-snippet":"max-snippet:-1","max-image-preview":"max-image-preview:large","max-video-preview":"max-video-preview:-1"},"og_locale":"es_ES","og_type":"article","og_title":"Karl Lagerfeld subastar\u00e1 su colecci\u00f3n personal en Sotheby's, incluido su radiofon\u00f3grafo rr126 entre los art\u00edculos vendidos - Brionvega EU","og_description":"El ingenio desbordante de Lagerfeld no se limit\u00f3 \u00fanicamente a imaginar vestidos de ensue\u00f1o sino que experiment\u00f3 con el dise\u00f1o de interiores, la fotograf\u00eda y el coleccionismo.","og_url":"https:\/\/brionvega.stage.idna.it\/es\/karl-lagerfeld-subastara-su-coleccion-personal-en-sothebys-incluido-su-radiofonografo-rr126-entre-los-articulos-vendidos\/","og_site_name":"Brionvega EU","article_publisher":"https:\/\/www.facebook.com\/Brionvega","article_published_time":"2021-04-08T10:02:16+00:00","article_modified_time":"2023-02-17T09:32:03+00:00","og_image":[{"url":"https:\/\/brionvega.stage.idna.it\/app\/uploads\/2023\/02\/Karl_immagine1.jpg","type":"","width":"","height":""}],"author":"admin@22","twitter_card":"summary_large_image","twitter_misc":{"Escrito por":"admin@22","Tiempo de lectura":"4 minutos"},"schema":{"@context":"https:\/\/schema.org","@graph":[{"@type":"Article","@id":"https:\/\/brionvega.stage.idna.it\/es\/karl-lagerfeld-subastara-su-coleccion-personal-en-sothebys-incluido-su-radiofonografo-rr126-entre-los-articulos-vendidos\/#article","isPartOf":{"@id":"https:\/\/brionvega.stage.idna.it\/es\/karl-lagerfeld-subastara-su-coleccion-personal-en-sothebys-incluido-su-radiofonografo-rr126-entre-los-articulos-vendidos\/"},"author":{"name":"admin@22","@id":"https:\/\/brionvega.stage.idna.it\/es\/#\/schema\/person\/14afd84138c475185b54ae5c72c3e983"},"headline":"Karl Lagerfeld subastar\u00e1 su colecci\u00f3n personal en Sotheby&#8217;s, incluido su radiofon\u00f3grafo rr126 entre los art\u00edculos vendidos","datePublished":"2021-04-08T10:02:16+00:00","dateModified":"2023-02-17T09:32:03+00:00","mainEntityOfPage":{"@id":"https:\/\/brionvega.stage.idna.it\/es\/karl-lagerfeld-subastara-su-coleccion-personal-en-sothebys-incluido-su-radiofonografo-rr126-entre-los-articulos-vendidos\/"},"wordCount":537,"commentCount":0,"image":{"@id":"https:\/\/brionvega.stage.idna.it\/es\/karl-lagerfeld-subastara-su-coleccion-personal-en-sothebys-incluido-su-radiofonografo-rr126-entre-los-articulos-vendidos\/#primaryimage"},"thumbnailUrl":"https:\/\/brionvega.stage.idna.it\/app\/uploads\/2023\/02\/Karl_immagine1.jpg","articleSection":["Sin categorizar"],"inLanguage":"es","potentialAction":[{"@type":"CommentAction","name":"Comment","target":["https:\/\/brionvega.stage.idna.it\/es\/karl-lagerfeld-subastara-su-coleccion-personal-en-sothebys-incluido-su-radiofonografo-rr126-entre-los-articulos-vendidos\/#respond"]}]},{"@type":"WebPage","@id":"https:\/\/brionvega.stage.idna.it\/es\/karl-lagerfeld-subastara-su-coleccion-personal-en-sothebys-incluido-su-radiofonografo-rr126-entre-los-articulos-vendidos\/","url":"https:\/\/brionvega.stage.idna.it\/es\/karl-lagerfeld-subastara-su-coleccion-personal-en-sothebys-incluido-su-radiofonografo-rr126-entre-los-articulos-vendidos\/","name":"Karl Lagerfeld subastar\u00e1 su colecci\u00f3n personal en Sotheby's, incluido su radiofon\u00f3grafo rr126 entre los art\u00edculos vendidos - Brionvega EU","isPartOf":{"@id":"https:\/\/brionvega.stage.idna.it\/es\/#website"},"primaryImageOfPage":{"@id":"https:\/\/brionvega.stage.idna.it\/es\/karl-lagerfeld-subastara-su-coleccion-personal-en-sothebys-incluido-su-radiofonografo-rr126-entre-los-articulos-vendidos\/#primaryimage"},"image":{"@id":"https:\/\/brionvega.stage.idna.it\/es\/karl-lagerfeld-subastara-su-coleccion-personal-en-sothebys-incluido-su-radiofonografo-rr126-entre-los-articulos-vendidos\/#primaryimage"},"thumbnailUrl":"https:\/\/brionvega.stage.idna.it\/app\/uploads\/2023\/02\/Karl_immagine1.jpg","datePublished":"2021-04-08T10:02:16+00:00","dateModified":"2023-02-17T09:32:03+00:00","author":{"@id":"https:\/\/brionvega.stage.idna.it\/es\/#\/schema\/person\/14afd84138c475185b54ae5c72c3e983"},"description":"El ingenio desbordante de Lagerfeld no se limit\u00f3 \u00fanicamente a imaginar vestidos de ensue\u00f1o sino que experiment\u00f3 con el dise\u00f1o de interiores, la fotograf\u00eda y el coleccionismo.","breadcrumb":{"@id":"https:\/\/brionvega.stage.idna.it\/es\/karl-lagerfeld-subastara-su-coleccion-personal-en-sothebys-incluido-su-radiofonografo-rr126-entre-los-articulos-vendidos\/#breadcrumb"},"inLanguage":"es","potentialAction":[{"@type":"ReadAction","target":["https:\/\/brionvega.stage.idna.it\/es\/karl-lagerfeld-subastara-su-coleccion-personal-en-sothebys-incluido-su-radiofonografo-rr126-entre-los-articulos-vendidos\/"]}]},{"@type":"ImageObject","inLanguage":"es","@id":"https:\/\/brionvega.stage.idna.it\/es\/karl-lagerfeld-subastara-su-coleccion-personal-en-sothebys-incluido-su-radiofonografo-rr126-entre-los-articulos-vendidos\/#primaryimage","url":"https:\/\/brionvega.stage.idna.it\/app\/uploads\/2023\/02\/Karl_immagine1.jpg","contentUrl":"https:\/\/brionvega.stage.idna.it\/app\/uploads\/2023\/02\/Karl_immagine1.jpg"},{"@type":"BreadcrumbList","@id":"https:\/\/brionvega.stage.idna.it\/es\/karl-lagerfeld-subastara-su-coleccion-personal-en-sothebys-incluido-su-radiofonografo-rr126-entre-los-articulos-vendidos\/#breadcrumb","itemListElement":[{"@type":"ListItem","position":1,"name":"Home","item":"https:\/\/brionvega.stage.idna.it\/es\/"},{"@type":"ListItem","position":2,"name":"Karl Lagerfeld subastar\u00e1 su colecci\u00f3n personal en Sotheby&#8217;s, incluido su radiofon\u00f3grafo rr126 entre los art\u00edculos vendidos"}]},{"@type":"WebSite","@id":"https:\/\/brionvega.stage.idna.it\/es\/#website","url":"https:\/\/brionvega.stage.idna.it\/es\/","name":"Brionvega EU","description":"","potentialAction":[{"@type":"SearchAction","target":{"@type":"EntryPoint","urlTemplate":"https:\/\/brionvega.stage.idna.it\/es\/?s={search_term_string}"},"query-input":{"@type":"PropertyValueSpecification","valueRequired":true,"valueName":"search_term_string"}}],"inLanguage":"es"},{"@type":"Person","@id":"https:\/\/brionvega.stage.idna.it\/es\/#\/schema\/person\/14afd84138c475185b54ae5c72c3e983","name":"admin@22","image":{"@type":"ImageObject","inLanguage":"es","@id":"https:\/\/secure.gravatar.com\/avatar\/09d99c968f27c9aa44cd11a7d098b225a60cece872b0be711ffebb1014b531cf?s=96&d=mm&r=g","url":"https:\/\/secure.gravatar.com\/avatar\/09d99c968f27c9aa44cd11a7d098b225a60cece872b0be711ffebb1014b531cf?s=96&d=mm&r=g","contentUrl":"https:\/\/secure.gravatar.com\/avatar\/09d99c968f27c9aa44cd11a7d098b225a60cece872b0be711ffebb1014b531cf?s=96&d=mm&r=g","caption":"admin@22"},"sameAs":["https:\/\/brionvega.stage.idna.it\/wp"]}]}},"_links":{"self":[{"href":"https:\/\/brionvega.stage.idna.it\/es\/wp-json\/wp\/v2\/posts\/5172","targetHints":{"allow":["GET"]}}],"collection":[{"href":"https:\/\/brionvega.stage.idna.it\/es\/wp-json\/wp\/v2\/posts"}],"about":[{"href":"https:\/\/brionvega.stage.idna.it\/es\/wp-json\/wp\/v2\/types\/post"}],"author":[{"embeddable":true,"href":"https:\/\/brionvega.stage.idna.it\/es\/wp-json\/wp\/v2\/users\/1"}],"replies":[{"embeddable":true,"href":"https:\/\/brionvega.stage.idna.it\/es\/wp-json\/wp\/v2\/comments?post=5172"}],"version-history":[{"count":2,"href":"https:\/\/brionvega.stage.idna.it\/es\/wp-json\/wp\/v2\/posts\/5172\/revisions"}],"predecessor-version":[{"id":5565,"href":"https:\/\/brionvega.stage.idna.it\/es\/wp-json\/wp\/v2\/posts\/5172\/revisions\/5565"}],"wp:attachment":[{"href":"https:\/\/brionvega.stage.idna.it\/es\/wp-json\/wp\/v2\/media?parent=5172"}],"wp:term":[{"taxonomy":"category","embeddable":true,"href":"https:\/\/brionvega.stage.idna.it\/es\/wp-json\/wp\/v2\/categories?post=5172"},{"taxonomy":"post_tag","embeddable":true,"href":"https:\/\/brionvega.stage.idna.it\/es\/wp-json\/wp\/v2\/tags?post=5172"}],"curies":[{"name":"wp","href":"https:\/\/api.w.org\/{rel}","templated":true}]}}